{"id":1452,"date":"2023-05-18T23:19:43","date_gmt":"2023-05-18T21:19:43","guid":{"rendered":"https:\/\/www.peterjohnen.de\/?p=1452"},"modified":"2023-08-02T15:51:23","modified_gmt":"2023-08-02T13:51:23","slug":"der-letzte-tag-mit-team-ngm","status":"publish","type":"post","link":"https:\/\/www.peterjohnen.de\/?p=1452","title":{"rendered":"Der letzte Tag mit Team NGM"},"content":{"rendered":"\n<p>Heute ist mein letzter Fahrtag mit Team NGM, also meinem alten Klassenkameraden Harald und seinem Bruder, beide wie ich  Ehemalige des NGM\u00f6nchengladbach.<\/p>\n\n\n\n<p>Der Tag begr\u00fc\u00dft uns mit perfektem Tourwetter und so d\u00fcsen wir schon bald los, um die geplante Route durch das kroatische Istrien unter die R\u00e4der zu nehmen.  <\/p>\n\n\n\n<!--more-->\n\n\n\n<figure class=\"wp-block-image size-large\"><img loading=\"lazy\" decoding=\"async\" width=\"1024\" height=\"768\" src=\"https:\/\/www.peterjohnen.de\/wp-content\/uploads\/2023\/05\/img_7316-1024x768.jpg\" alt=\"\" class=\"wp-image-1441\" srcset=\"https:\/\/www.peterjohnen.de\/wp-content\/uploads\/2023\/05\/img_7316-1024x768.jpg 1024w, https:\/\/www.peterjohnen.de\/wp-content\/uploads\/2023\/05\/img_7316-300x225.jpg 300w, https:\/\/www.peterjohnen.de\/wp-content\/uploads\/2023\/05\/img_7316-768x576.jpg 768w, https:\/\/www.peterjohnen.de\/wp-content\/uploads\/2023\/05\/img_7316-1536x1152.jpg 1536w, https:\/\/www.peterjohnen.de\/wp-content\/uploads\/2023\/05\/img_7316-2048x1536.jpg 2048w\" sizes=\"auto, (max-width: 767px) 89vw, (max-width: 1000px) 54vw, (max-width: 1071px) 543px, 580px\" \/><figcaption class=\"wp-element-caption\">Sch\u00f6ner kannst du auf einer Tour nicht wach werden <\/figcaption><\/figure>\n\n\n\n<p>Nach ein wenig Kontakt mit l\u00e4stigem Fernverkehr verlassen wir bald die gro\u00dfen Nord-\/S\u00fcdachsen, umfahren gekonnt Opatja und fahren schon bald weiter die s\u00fcdliche K\u00fcste Istriens hinunter auf der sehr sch\u00f6nen K\u00fcstenstra\u00dfe, die ich noch von der Kroatien Tour im letzten Jahr kenne. <\/p>\n\n\n\n<p>Eine herbe Entt\u00e4uschung steht uns und vor allem mir aber noch bevor: die phantastische Aussichtsterrasse des Hotel Flanona bei der Bucht von Plonin ist geschlossen. Die ganze Anlage scheint zur \u00dcberraschung der st\u00e4ndig eintrudelnden Besucher geschlossen zu sein. Nun gut, die Sicht auf die Bucht von Rijeka und die Insel Cres ist auch vom Parkplatz neben dem Hotel noch immer umwerfend.<\/p>\n\n\n\n<figure class=\"wp-block-image size-large\"><img loading=\"lazy\" decoding=\"async\" width=\"1024\" height=\"576\" src=\"https:\/\/www.peterjohnen.de\/wp-content\/uploads\/2023\/05\/afbfa933-2b25-4a15-9529-15a25d9109d3-1024x576.jpg\" alt=\"\" class=\"wp-image-1442\" srcset=\"https:\/\/www.peterjohnen.de\/wp-content\/uploads\/2023\/05\/afbfa933-2b25-4a15-9529-15a25d9109d3-1024x576.jpg 1024w, https:\/\/www.peterjohnen.de\/wp-content\/uploads\/2023\/05\/afbfa933-2b25-4a15-9529-15a25d9109d3-300x169.jpg 300w, https:\/\/www.peterjohnen.de\/wp-content\/uploads\/2023\/05\/afbfa933-2b25-4a15-9529-15a25d9109d3-768x432.jpg 768w, https:\/\/www.peterjohnen.de\/wp-content\/uploads\/2023\/05\/afbfa933-2b25-4a15-9529-15a25d9109d3-1536x864.jpg 1536w, https:\/\/www.peterjohnen.de\/wp-content\/uploads\/2023\/05\/afbfa933-2b25-4a15-9529-15a25d9109d3-2048x1152.jpg 2048w\" sizes=\"auto, (max-width: 767px) 89vw, (max-width: 1000px) 54vw, (max-width: 1071px) 543px, 580px\" \/><figcaption class=\"wp-element-caption\">Die Aussicht vom viewpoint bei Plonin<\/figcaption><\/figure>\n\n\n\n<p>Danach d\u00fcsen wir auf etlichen kleinen und gro\u00dfen Stra\u00dfen quer durch Istrien und ich bin nach der empfundenen Entt\u00e4uschung aus dem letzten Jahr doch etwas vers\u00f6hnt mit diesem Teil Kroatiens. Es bleibt aber die Erfahrung, dass die westliche K\u00fcste von Umag runter bis Pula f\u00fcr Moped Touren nicht attraktiv ist. Zumindest wenn man von den h\u00fcbschen St\u00e4dtchen wie Novigrad, Rovinj und Pula mal absieht. <\/p>\n\n\n\n<p>Hier nun in loser Sch\u00fcttung einige Fotos, die den Reiz der heutigen Tour ganz gut wiedergeben.<\/p>\n\n\n\n<figure class=\"wp-block-image size-large\"><img loading=\"lazy\" decoding=\"async\" width=\"1024\" height=\"768\" src=\"https:\/\/www.peterjohnen.de\/wp-content\/uploads\/2023\/05\/img_7321-1024x768.jpg\" alt=\"\" class=\"wp-image-1443\" srcset=\"https:\/\/www.peterjohnen.de\/wp-content\/uploads\/2023\/05\/img_7321-1024x768.jpg 1024w, https:\/\/www.peterjohnen.de\/wp-content\/uploads\/2023\/05\/img_7321-300x225.jpg 300w, https:\/\/www.peterjohnen.de\/wp-content\/uploads\/2023\/05\/img_7321-768x576.jpg 768w, https:\/\/www.peterjohnen.de\/wp-content\/uploads\/2023\/05\/img_7321-1536x1152.jpg 1536w, https:\/\/www.peterjohnen.de\/wp-content\/uploads\/2023\/05\/img_7321-2048x1536.jpg 2048w\" sizes=\"auto, (max-width: 767px) 89vw, (max-width: 1000px) 54vw, (max-width: 1071px) 543px, 580px\" \/><figcaption class=\"wp-element-caption\">Sicht vom sehr sehenswerten Pican<\/figcaption><\/figure>\n\n\n\n<figure class=\"wp-block-image size-large\"><img loading=\"lazy\" decoding=\"async\" width=\"768\" height=\"1024\" src=\"https:\/\/www.peterjohnen.de\/wp-content\/uploads\/2023\/05\/img_7323-768x1024.jpg\" alt=\"\" class=\"wp-image-1444\" srcset=\"https:\/\/www.peterjohnen.de\/wp-content\/uploads\/2023\/05\/img_7323-768x1024.jpg 768w, https:\/\/www.peterjohnen.de\/wp-content\/uploads\/2023\/05\/img_7323-225x300.jpg 225w, https:\/\/www.peterjohnen.de\/wp-content\/uploads\/2023\/05\/img_7323-1152x1536.jpg 1152w, https:\/\/www.peterjohnen.de\/wp-content\/uploads\/2023\/05\/img_7323-1536x2048.jpg 1536w, https:\/\/www.peterjohnen.de\/wp-content\/uploads\/2023\/05\/img_7323-scaled.jpg 1920w\" sizes=\"auto, (max-width: 767px) 89vw, (max-width: 1000px) 54vw, (max-width: 1071px) 543px, 580px\" \/><figcaption class=\"wp-element-caption\">Pican parking<\/figcaption><\/figure>\n\n\n\n<figure class=\"wp-block-image size-large\"><img loading=\"lazy\" decoding=\"async\" width=\"768\" height=\"1024\" src=\"https:\/\/www.peterjohnen.de\/wp-content\/uploads\/2023\/05\/img_7325-768x1024.jpg\" alt=\"\" class=\"wp-image-1445\" srcset=\"https:\/\/www.peterjohnen.de\/wp-content\/uploads\/2023\/05\/img_7325-768x1024.jpg 768w, https:\/\/www.peterjohnen.de\/wp-content\/uploads\/2023\/05\/img_7325-225x300.jpg 225w, https:\/\/www.peterjohnen.de\/wp-content\/uploads\/2023\/05\/img_7325-1152x1536.jpg 1152w, https:\/\/www.peterjohnen.de\/wp-content\/uploads\/2023\/05\/img_7325-1536x2048.jpg 1536w, https:\/\/www.peterjohnen.de\/wp-content\/uploads\/2023\/05\/img_7325-scaled.jpg 1920w\" sizes=\"auto, (max-width: 767px) 89vw, (max-width: 1000px) 54vw, (max-width: 1071px) 543px, 580px\" \/><figcaption class=\"wp-element-caption\">Pican sightseeing<\/figcaption><\/figure>\n\n\n\n<figure class=\"wp-block-image size-large\"><img loading=\"lazy\" decoding=\"async\" width=\"768\" height=\"1024\" src=\"https:\/\/www.peterjohnen.de\/wp-content\/uploads\/2023\/05\/img_7326-768x1024.jpg\" alt=\"\" class=\"wp-image-1446\" srcset=\"https:\/\/www.peterjohnen.de\/wp-content\/uploads\/2023\/05\/img_7326-768x1024.jpg 768w, https:\/\/www.peterjohnen.de\/wp-content\/uploads\/2023\/05\/img_7326-225x300.jpg 225w, https:\/\/www.peterjohnen.de\/wp-content\/uploads\/2023\/05\/img_7326-1152x1536.jpg 1152w, https:\/\/www.peterjohnen.de\/wp-content\/uploads\/2023\/05\/img_7326-1536x2048.jpg 1536w, https:\/\/www.peterjohnen.de\/wp-content\/uploads\/2023\/05\/img_7326-scaled.jpg 1920w\" sizes=\"auto, (max-width: 767px) 89vw, (max-width: 1000px) 54vw, (max-width: 1071px) 543px, 580px\" \/><figcaption class=\"wp-element-caption\">\u2026meins seins\u2026<\/figcaption><\/figure>\n\n\n\n<p>Weiter geht es kreuz und quer durch Istrien. Hier eine Tourkarte, die zwar nicht genau so abgefahren wurde, aber man kann doch gut erkennen, wo wir uns herumgetrieben haben.<\/p>\n\n\n\n<figure class=\"wp-block-image size-full\"><img loading=\"lazy\" decoding=\"async\" width=\"746\" height=\"904\" src=\"https:\/\/www.peterjohnen.de\/wp-content\/uploads\/2023\/08\/NGM-Tour-Istrien.jpg\" alt=\"\" class=\"wp-image-1467\" srcset=\"https:\/\/www.peterjohnen.de\/wp-content\/uploads\/2023\/08\/NGM-Tour-Istrien.jpg 746w, https:\/\/www.peterjohnen.de\/wp-content\/uploads\/2023\/08\/NGM-Tour-Istrien-248x300.jpg 248w\" sizes=\"auto, (max-width: 706px) 89vw, (max-width: 767px) 82vw, 740px\" \/><figcaption class=\"wp-element-caption\">Unsere (ungef\u00e4hre) Route auf Istrien<\/figcaption><\/figure>\n\n\n\n<p>Eine kleine Mittagspause machen wir in dem von seiner Umgebung her geradezu toskanisch anmutenden Oprtalj.<\/p>\n\n\n\n<figure class=\"wp-block-image size-large\"><img loading=\"lazy\" decoding=\"async\" width=\"1024\" height=\"768\" src=\"https:\/\/www.peterjohnen.de\/wp-content\/uploads\/2023\/05\/img_7328-1024x768.jpg\" alt=\"\" class=\"wp-image-1447\" srcset=\"https:\/\/www.peterjohnen.de\/wp-content\/uploads\/2023\/05\/img_7328-1024x768.jpg 1024w, https:\/\/www.peterjohnen.de\/wp-content\/uploads\/2023\/05\/img_7328-300x225.jpg 300w, https:\/\/www.peterjohnen.de\/wp-content\/uploads\/2023\/05\/img_7328-768x576.jpg 768w, https:\/\/www.peterjohnen.de\/wp-content\/uploads\/2023\/05\/img_7328-1536x1152.jpg 1536w, https:\/\/www.peterjohnen.de\/wp-content\/uploads\/2023\/05\/img_7328-2048x1536.jpg 2048w\" sizes=\"auto, (max-width: 767px) 89vw, (max-width: 1000px) 54vw, (max-width: 1071px) 543px, 580px\" \/><figcaption class=\"wp-element-caption\">Das nette Resto auf dem imposanten Balkon von Oprtalj\u2026<\/figcaption><\/figure>\n\n\n\n<figure class=\"wp-block-image size-large\"><img loading=\"lazy\" decoding=\"async\" width=\"1024\" height=\"768\" src=\"https:\/\/www.peterjohnen.de\/wp-content\/uploads\/2023\/05\/img_7329-1024x768.jpg\" alt=\"\" class=\"wp-image-1448\" srcset=\"https:\/\/www.peterjohnen.de\/wp-content\/uploads\/2023\/05\/img_7329-1024x768.jpg 1024w, https:\/\/www.peterjohnen.de\/wp-content\/uploads\/2023\/05\/img_7329-300x225.jpg 300w, https:\/\/www.peterjohnen.de\/wp-content\/uploads\/2023\/05\/img_7329-768x576.jpg 768w, https:\/\/www.peterjohnen.de\/wp-content\/uploads\/2023\/05\/img_7329-1536x1152.jpg 1536w, https:\/\/www.peterjohnen.de\/wp-content\/uploads\/2023\/05\/img_7329-2048x1536.jpg 2048w\" sizes=\"auto, (max-width: 767px) 89vw, (max-width: 1000px) 54vw, (max-width: 1071px) 543px, 580px\" \/><figcaption class=\"wp-element-caption\">\u2026mit der gro\u00dfartigen Sicht und\u2026 <\/figcaption><\/figure>\n\n\n\n<figure class=\"wp-block-image size-large\"><img loading=\"lazy\" decoding=\"async\" width=\"1024\" height=\"768\" src=\"https:\/\/www.peterjohnen.de\/wp-content\/uploads\/2023\/05\/img_7330-1024x768.jpg\" alt=\"\" class=\"wp-image-1449\" srcset=\"https:\/\/www.peterjohnen.de\/wp-content\/uploads\/2023\/05\/img_7330-1024x768.jpg 1024w, https:\/\/www.peterjohnen.de\/wp-content\/uploads\/2023\/05\/img_7330-300x225.jpg 300w, https:\/\/www.peterjohnen.de\/wp-content\/uploads\/2023\/05\/img_7330-768x576.jpg 768w, https:\/\/www.peterjohnen.de\/wp-content\/uploads\/2023\/05\/img_7330-1536x1152.jpg 1536w, https:\/\/www.peterjohnen.de\/wp-content\/uploads\/2023\/05\/img_7330-2048x1536.jpg 2048w\" sizes=\"auto, (max-width: 767px) 89vw, (max-width: 1000px) 54vw, (max-width: 1071px) 543px, 580px\" \/><figcaption class=\"wp-element-caption\">\u2026dieser Einladung zum Verweilen\u2026<\/figcaption><\/figure>\n\n\n\n<figure class=\"wp-block-image size-large\"><img loading=\"lazy\" decoding=\"async\" width=\"1024\" height=\"551\" src=\"https:\/\/www.peterjohnen.de\/wp-content\/uploads\/2023\/05\/img_7331-1024x551.jpg\" alt=\"\" class=\"wp-image-1450\" srcset=\"https:\/\/www.peterjohnen.de\/wp-content\/uploads\/2023\/05\/img_7331-1024x551.jpg 1024w, https:\/\/www.peterjohnen.de\/wp-content\/uploads\/2023\/05\/img_7331-300x161.jpg 300w, https:\/\/www.peterjohnen.de\/wp-content\/uploads\/2023\/05\/img_7331-768x413.jpg 768w, https:\/\/www.peterjohnen.de\/wp-content\/uploads\/2023\/05\/img_7331-1536x826.jpg 1536w, https:\/\/www.peterjohnen.de\/wp-content\/uploads\/2023\/05\/img_7331-2048x1101.jpg 2048w\" sizes=\"auto, (max-width: 767px) 89vw, (max-width: 1000px) 54vw, (max-width: 1071px) 543px, 580px\" \/><figcaption class=\"wp-element-caption\">\u2026wo scheinbar selbst die Mopeds ins Schw\u00e4rmen geraten!<\/figcaption><\/figure>\n\n\n\n<p>Dass uns am Ende das Navi trotz \u201ekeine Autobahn\u201c schnurstracks auf eine solche navigieren will, f\u00fchrt zu komplizierten Verwerfungen in der Routenplanung durch das verkehrstechnisch sehr eigenwillige Umland von Triest. Aber auch diese Herausforderung wird gemeistert und wir kommen nach \u00fcber 8 Stunden fahren (und pausieren) wohlbehalten zu unserem B&amp;B zur\u00fcck.<\/p>\n\n\n\n<p>Damit endete heute die gemeinsame Tour. Morgen fr\u00fch fahre ich alleine zur\u00fcck nach M und die Br\u00fcder bleiben noch einige Tage l\u00e4nger hier. <\/p>\n\n\n\n<p>Es war trotz anfangs sehr viel Regen und K\u00e4lte eine tolle Tour zun\u00e4chst mit Rookie Tours und dann mit ganz alten Freunden, mit herrlichen Stra\u00dfen in Slowenien, endlos viel Geplapper und auch interessanten Gespr\u00e4chen und Geschichten aus MG und vom NGM in breitestem Links-Nieder-Rheinisch. <\/p>\n\n\n\n<p>Maht et joot Jongens\u2026<\/p>\n\n\n\n<figure class=\"wp-block-image size-large\"><img loading=\"lazy\" decoding=\"async\" width=\"1024\" height=\"950\" src=\"https:\/\/www.peterjohnen.de\/wp-content\/uploads\/2023\/05\/img_7279-1-1024x950.jpg\" alt=\"\" class=\"wp-image-1451\" srcset=\"https:\/\/www.peterjohnen.de\/wp-content\/uploads\/2023\/05\/img_7279-1-1024x950.jpg 1024w, https:\/\/www.peterjohnen.de\/wp-content\/uploads\/2023\/05\/img_7279-1-300x278.jpg 300w, https:\/\/www.peterjohnen.de\/wp-content\/uploads\/2023\/05\/img_7279-1-768x713.jpg 768w, https:\/\/www.peterjohnen.de\/wp-content\/uploads\/2023\/05\/img_7279-1-1536x1425.jpg 1536w, https:\/\/www.peterjohnen.de\/wp-content\/uploads\/2023\/05\/img_7279-1-2048x1900.jpg 2048w\" sizes=\"auto, (max-width: 767px) 89vw, (max-width: 1000px) 54vw, (max-width: 1071px) 543px, 580px\" \/><figcaption class=\"wp-element-caption\">Team NGM <\/figcaption><\/figure>\n","protected":false},"excerpt":{"rendered":"<p>Heute ist mein letzter Fahrtag mit Team NGM, also meinem alten Klassenkameraden Harald und seinem Bruder, beide wie ich Ehemalige des NGM\u00f6nchengladbach. Der Tag begr\u00fc\u00dft uns mit perfektem Tourwetter und so d\u00fcsen wir schon bald los, um die geplante Route durch das kroatische Istrien unter die R\u00e4der zu nehmen.<\/p>\n","protected":false},"author":1,"featured_media":1450,"comment_status":"open","ping_status":"open","sticky":false,"template":"","format":"standard","meta":{"_jetpack_memberships_contains_paid_content":false,"footnotes":"","jetpack_publicize_message":"","jetpack_publicize_feature_enabled":true,"jetpack_social_post_already_shared":true,"jetpack_social_options":{"image_generator_settings":{"template":"highway","default_image_id":0,"font":"","enabled":false},"version":2}},"categories":[16],"tags":[],"class_list":["post-1452","post","type-post","status-publish","format-standard","has-post-thumbnail","hentry","category-rookietour2023"],"jetpack_publicize_connections":[],"jetpack_featured_media_url":"https:\/\/www.peterjohnen.de\/wp-content\/uploads\/2023\/05\/img_7331-scaled.jpg","jetpack_sharing_enabled":true,"jetpack_likes_enabled":true,"_links":{"self":[{"href":"https:\/\/www.peterjohnen.de\/index.php?rest_route=\/wp\/v2\/posts\/1452","targetHints":{"allow":["GET"]}}],"collection":[{"href":"https:\/\/www.peterjohnen.de\/index.php?rest_route=\/wp\/v2\/posts"}],"about":[{"href":"https:\/\/www.peterjohnen.de\/index.php?rest_route=\/wp\/v2\/types\/post"}],"author":[{"embeddable":true,"href":"https:\/\/www.peterjohnen.de\/index.php?rest_route=\/wp\/v2\/users\/1"}],"replies":[{"embeddable":true,"href":"https:\/\/www.peterjohnen.de\/index.php?rest_route=%2Fwp%2Fv2%2Fcomments&post=1452"}],"version-history":[{"count":5,"href":"https:\/\/www.peterjohnen.de\/index.php?rest_route=\/wp\/v2\/posts\/1452\/revisions"}],"predecessor-version":[{"id":1469,"href":"https:\/\/www.peterjohnen.de\/index.php?rest_route=\/wp\/v2\/posts\/1452\/revisions\/1469"}],"wp:featuredmedia":[{"embeddable":true,"href":"https:\/\/www.peterjohnen.de\/index.php?rest_route=\/wp\/v2\/media\/1450"}],"wp:attachment":[{"href":"https:\/\/www.peterjohnen.de\/index.php?rest_route=%2Fwp%2Fv2%2Fmedia&parent=1452"}],"wp:term":[{"taxonomy":"category","embeddable":true,"href":"https:\/\/www.peterjohnen.de\/index.php?rest_route=%2Fwp%2Fv2%2Fcategories&post=1452"},{"taxonomy":"post_tag","embeddable":true,"href":"https:\/\/www.peterjohnen.de\/index.php?rest_route=%2Fwp%2Fv2%2Ftags&post=1452"}],"curies":[{"name":"wp","href":"https:\/\/api.w.org\/{rel}","templated":true}]}}