{"id":1492,"date":"2024-06-10T18:47:09","date_gmt":"2024-06-10T16:47:09","guid":{"rendered":"https:\/\/www.peterjohnen.de\/?p=1492"},"modified":"2024-06-10T18:49:34","modified_gmt":"2024-06-10T16:49:34","slug":"bald-gehts-los-die-abi74-balkan-tour-2024","status":"publish","type":"post","link":"https:\/\/www.peterjohnen.de\/?p=1492","title":{"rendered":"Bald geht&#8217;s los &#8211; die Abi74 Balkan Tour 2024"},"content":{"rendered":"\n<p>Das Jahr ist schon fast halb rum und jetzt soll es langsam mal losgehen mit den Mopedtouren. Ich hoffe, der Regen hat ein Einsehen (und verpisst sich!). <\/p>\n\n\n\n<p>Das Klassentreffen zum 50. Jubil\u00e4um meines Abiturs (Abi74) war am Wochenende, was liegt da n\u00e4her, als eine kleine Mopedtour zum Balkan mit Harald C. einem Klassenkameraden aus dieser grauen Vorzeit, der sich j\u00fcngst auch zum Mopedtourer berufen f\u00fchlte. Der kommt Mittwoch 12. Juni von Berlin nach M\u00fcnchen, wird hier verk\u00f6stigt und aufgepeppelt und Donnerstag brechen wir auf mit Kurs S\u00fcds\u00fcdost und kurven so um die 10 Tage durch einige Balkan L\u00e4nder und ihre St\u00e4dte, K\u00fcsten und Berge. <\/p>\n\n\n\n<p>Die eigentliche Tour beginnt nach einer z\u00fcgigen Alpendurchquerung \u00fcber die A8, Kufstein, Felbertauerntunnel, Lienz und etwas Italien (den Wurzen- bzw. Vrsic-Pass schenken wir uns, der hat schon 2023 eher genervt und die Mangart Auffahrt ist wohl immernoch zu). <\/p>\n\n\n\n<p>In Slovenien ist die erste Station in Nova Goriza und am Freitag folgt Kroatien mit dem Einstieg in die Jadranska Magistrale, die absolut glorreiche K\u00fcstenstra\u00dfe von Rijeka bis hinunter nach Dubrovnik (Jaja, ziemlich genau die Strecke, die ich 2022 bei der Adria Runde schon gefahren bin &#8211; warum auch nicht?). <\/p>\n\n\n\n<p>Ab Freitag erwarten wir zu diesem Anlass pralle Sonne und leere Stra\u00dfen. Am Ende der Magistrale biegen wir einige Tage sp\u00e4ter in Dubrovnik links ab, fahren in die Berge und treten \u00fcber Mostar, Sarajewo und andere Orte in Bosnien-Herzegowina und Slowenien den R\u00fcckweg an. <\/p>\n\n\n\n<p>Die genaue Route der Alpenduchquerung am Ende ist heute noch im Nebel der Ungwissheit verborgen&#8230;<\/p>\n\n\n\n<p>Hier eine \u00dcbersicht \u00fcber den groben Tourverlauf:<\/p>\n\n\n\n<figure class=\"wp-block-image size-full\"><img loading=\"lazy\" decoding=\"async\" width=\"747\" height=\"781\" src=\"https:\/\/www.peterjohnen.de\/wp-content\/uploads\/2024\/06\/Balkan-Tout-24.jpg\" alt=\"\" class=\"wp-image-1493\" srcset=\"https:\/\/www.peterjohnen.de\/wp-content\/uploads\/2024\/06\/Balkan-Tout-24.jpg 747w, https:\/\/www.peterjohnen.de\/wp-content\/uploads\/2024\/06\/Balkan-Tout-24-287x300.jpg 287w\" sizes=\"auto, (max-width: 706px) 89vw, (max-width: 767px) 82vw, 740px\" \/><figcaption class=\"wp-element-caption\">Grobe Planung Abi74 Balkan Tour 2024<\/figcaption><\/figure>\n","protected":false},"excerpt":{"rendered":"<p>Das Jahr ist schon fast halb rum und jetzt soll es langsam mal losgehen mit den Mopedtouren. Ich hoffe, der Regen hat ein Einsehen (und verpisst sich!). Das Klassentreffen zum 50. Jubil\u00e4um meines Abiturs (Abi74) war am Wochenende, was liegt da n\u00e4her, als eine kleine Mopedtour zum Balkan mit Harald C. einem Klassenkameraden aus dieser &hellip; <\/p>\n<p class=\"link-more\"><a href=\"https:\/\/www.peterjohnen.de\/?p=1492\" class=\"more-link\"><span class=\"screen-reader-text\">\u201eBald geht&#8217;s los &#8211; die Abi74 Balkan Tour 2024\u201c<\/span> weiterlesen<\/a><\/p>\n","protected":false},"author":1,"featured_media":0,"comment_status":"open","ping_status":"open","sticky":false,"template":"","format":"standard","meta":{"_jetpack_memberships_contains_paid_content":false,"footnotes":"","jetpack_publicize_message":"","jetpack_publicize_feature_enabled":true,"jetpack_social_post_already_shared":true,"jetpack_social_options":{"image_generator_settings":{"template":"highway","default_image_id":0,"font":"","enabled":false},"version":2}},"categories":[17],"tags":[],"class_list":["post-1492","post","type-post","status-publish","format-standard","hentry","category-abi74-balkan-tour-2024"],"jetpack_publicize_connections":[],"jetpack_featured_media_url":"","jetpack_sharing_enabled":true,"jetpack_likes_enabled":true,"_links":{"self":[{"href":"https:\/\/www.peterjohnen.de\/index.php?rest_route=\/wp\/v2\/posts\/1492","targetHints":{"allow":["GET"]}}],"collection":[{"href":"https:\/\/www.peterjohnen.de\/index.php?rest_route=\/wp\/v2\/posts"}],"about":[{"href":"https:\/\/www.peterjohnen.de\/index.php?rest_route=\/wp\/v2\/types\/post"}],"author":[{"embeddable":true,"href":"https:\/\/www.peterjohnen.de\/index.php?rest_route=\/wp\/v2\/users\/1"}],"replies":[{"embeddable":true,"href":"https:\/\/www.peterjohnen.de\/index.php?rest_route=%2Fwp%2Fv2%2Fcomments&post=1492"}],"version-history":[{"count":2,"href":"https:\/\/www.peterjohnen.de\/index.php?rest_route=\/wp\/v2\/posts\/1492\/revisions"}],"predecessor-version":[{"id":1495,"href":"https:\/\/www.peterjohnen.de\/index.php?rest_route=\/wp\/v2\/posts\/1492\/revisions\/1495"}],"wp:attachment":[{"href":"https:\/\/www.peterjohnen.de\/index.php?rest_route=%2Fwp%2Fv2%2Fmedia&parent=1492"}],"wp:term":[{"taxonomy":"category","embeddable":true,"href":"https:\/\/www.peterjohnen.de\/index.php?rest_route=%2Fwp%2Fv2%2Fcategories&post=1492"},{"taxonomy":"post_tag","embeddable":true,"href":"https:\/\/www.peterjohnen.de\/index.php?rest_route=%2Fwp%2Fv2%2Ftags&post=1492"}],"curies":[{"name":"wp","href":"https:\/\/api.w.org\/{rel}","templated":true}]}}