{"id":1497,"date":"2024-06-13T22:34:42","date_gmt":"2024-06-13T20:34:42","guid":{"rendered":"https:\/\/www.peterjohnen.de\/?p=1497"},"modified":"2024-06-13T22:34:42","modified_gmt":"2024-06-13T20:34:42","slug":"die-tour-hat-begonnen","status":"publish","type":"post","link":"https:\/\/www.peterjohnen.de\/?p=1497","title":{"rendered":"Die Tour hat begonnen"},"content":{"rendered":"\n<p>\u2026mit einem Mammut Tag! 8,5 h reine Fahrtzeit auf dem Bock ist schon heftig. Und geplant waren 7, aber was ist schon ein Plan\u2026<\/p>\n\n\n\n<p>Um 10:00 h sind wir in M los und ich wollte die Regenkluft erst tief in \u00d6siland anlegen, aber dann kam noch vor Kufstein ein Schauer runter, also rein in die Kluft und weiter. Die Schamanen-Wirkung der Kluft war dann schon echt beeindruckend! 2 Minuten sp\u00e4ter h\u00f6rte der Regen auf und kam bis zum Abend nicht wieder\u2026 \ud83e\udd37<\/p>\n\n\n\n<p>Hinter dem Felbertauern-Tunnel gingen die Temperaturen vom niedrigen in den h\u00f6heren Zehner-Bereich und wir kamen gut vorw\u00e4rts.<\/p>\n\n\n\n<figure class=\"wp-block-image size-large\"><img loading=\"lazy\" decoding=\"async\" width=\"1024\" height=\"768\" src=\"https:\/\/www.peterjohnen.de\/wp-content\/uploads\/2024\/06\/img_9849-1024x768.jpg\" class=\"wp-image-1496\" srcset=\"https:\/\/www.peterjohnen.de\/wp-content\/uploads\/2024\/06\/img_9849-1024x768.jpg 1024w, https:\/\/www.peterjohnen.de\/wp-content\/uploads\/2024\/06\/img_9849-300x225.jpg 300w, https:\/\/www.peterjohnen.de\/wp-content\/uploads\/2024\/06\/img_9849-768x576.jpg 768w, https:\/\/www.peterjohnen.de\/wp-content\/uploads\/2024\/06\/img_9849-1536x1152.jpg 1536w, https:\/\/www.peterjohnen.de\/wp-content\/uploads\/2024\/06\/img_9849.jpg 2000w\" sizes=\"auto, (max-width: 767px) 89vw, (max-width: 1000px) 54vw, (max-width: 1071px) 543px, 580px\" \/><figcaption class=\"wp-element-caption\">Nach der Zahlstelle die Frisur richten<\/figcaption><\/figure>\n\n\n\n<p>Tief in \u00d6siland dann der Schock: Pl\u00f6ckenpass gesperrt, bzw. keine Durchfahrt bis Italien (wir wollten von Westen nach Slovenien rein, nicht von Norden). Also gro\u00dfe Plan\u00e4nderung und wildes Herumfingern mit dem Navi! Am Ende wollte das Navi eine Route \u00fcber den Nassfeld-Pass und eine winzige, holprige kleine Bergstrasse nach Bovec in SLO hinein, die war theoretisch 5 Minuten schneller als die viel sch\u00f6nere Strecke \u00fcber den Neveasattel und den Lago di Raibl. Naja, Abenteuer der Wildnis\u2026<\/p>\n\n\n\n<p>Aber die flotte Fahrt entlang der 102\/103 in SLO entsch\u00e4digt ja f\u00fcr vieles. Um 19:15 waren wir dann endlich im anvisierten Hotel in Nova Gorica und haben die Anstrengung mit ein bis zwei Humpen Hopfenkaltschale und einer dicken Pizza runtergesp\u00fclt. <\/p>\n\n\n\n<p>Morgen schalten wir streckenm\u00e4ssig mal etwas runter und dehnen daf\u00fcr die Foto-, Kaffee-, und Mampf-Stopps aus! Dann gibt\u2019s hier hoffentlich auch mehr zu sehen! <\/p>\n\n\n\n<p>Stay tuned\u2026<\/p>\n","protected":false},"excerpt":{"rendered":"<p>\u2026mit einem Mammut Tag! 8,5 h reine Fahrtzeit auf dem Bock ist schon heftig. Und geplant waren 7, aber was ist schon ein Plan\u2026 Um 10:00 h sind wir in M los und ich wollte die Regenkluft erst tief in \u00d6siland anlegen, aber dann kam noch vor Kufstein ein Schauer runter, also rein in die &hellip; <\/p>\n<p class=\"link-more\"><a href=\"https:\/\/www.peterjohnen.de\/?p=1497\" class=\"more-link\"><span class=\"screen-reader-text\">\u201eDie Tour hat begonnen\u201c<\/span> weiterlesen<\/a><\/p>\n","protected":false},"author":1,"featured_media":0,"comment_status":"open","ping_status":"open","sticky":false,"template":"","format":"standard","meta":{"_jetpack_memberships_contains_paid_content":false,"footnotes":"","jetpack_publicize_message":"","jetpack_publicize_feature_enabled":true,"jetpack_social_post_already_shared":true,"jetpack_social_options":{"image_generator_settings":{"template":"highway","default_image_id":0,"font":"","enabled":false},"version":2}},"categories":[17],"tags":[],"class_list":["post-1497","post","type-post","status-publish","format-standard","hentry","category-abi74-balkan-tour-2024"],"jetpack_publicize_connections":[],"jetpack_featured_media_url":"","jetpack_sharing_enabled":true,"jetpack_likes_enabled":true,"_links":{"self":[{"href":"https:\/\/www.peterjohnen.de\/index.php?rest_route=\/wp\/v2\/posts\/1497","targetHints":{"allow":["GET"]}}],"collection":[{"href":"https:\/\/www.peterjohnen.de\/index.php?rest_route=\/wp\/v2\/posts"}],"about":[{"href":"https:\/\/www.peterjohnen.de\/index.php?rest_route=\/wp\/v2\/types\/post"}],"author":[{"embeddable":true,"href":"https:\/\/www.peterjohnen.de\/index.php?rest_route=\/wp\/v2\/users\/1"}],"replies":[{"embeddable":true,"href":"https:\/\/www.peterjohnen.de\/index.php?rest_route=%2Fwp%2Fv2%2Fcomments&post=1497"}],"version-history":[{"count":0,"href":"https:\/\/www.peterjohnen.de\/index.php?rest_route=\/wp\/v2\/posts\/1497\/revisions"}],"wp:attachment":[{"href":"https:\/\/www.peterjohnen.de\/index.php?rest_route=%2Fwp%2Fv2%2Fmedia&parent=1497"}],"wp:term":[{"taxonomy":"category","embeddable":true,"href":"https:\/\/www.peterjohnen.de\/index.php?rest_route=%2Fwp%2Fv2%2Fcategories&post=1497"},{"taxonomy":"post_tag","embeddable":true,"href":"https:\/\/www.peterjohnen.de\/index.php?rest_route=%2Fwp%2Fv2%2Ftags&post=1497"}],"curies":[{"name":"wp","href":"https:\/\/api.w.org\/{rel}","templated":true}]}}