{"id":1510,"date":"2024-06-14T23:50:13","date_gmt":"2024-06-14T21:50:13","guid":{"rendered":"https:\/\/www.peterjohnen.de\/?p=1510"},"modified":"2024-06-14T23:50:13","modified_gmt":"2024-06-14T21:50:13","slug":"alle-neune-51-ein-spitzentag-auf-der-magistrale","status":"publish","type":"post","link":"https:\/\/www.peterjohnen.de\/?p=1510","title":{"rendered":"Alle Neune &#8211; 5:1 &#8211; ein Spitzentag auf der Magistrale"},"content":{"rendered":"\n<p>Der Tag war einfach grandios und fand mit dem 5:1 am Abend einen w\u00fcrdigen Abschluss!<\/p>\n\n\n\n<p>Von Nova Gorica waren wir bald in Rijeka, das wir nicht von der K\u00fcste, sondern geschickt von Osten kommend genommen haben um wenigstens von einem Aussichtspunkt einen Blick auf die Stadt zu werfen.<\/p>\n\n\n\n<figure class=\"wp-block-image size-large\"><img loading=\"lazy\" decoding=\"async\" width=\"1024\" height=\"768\" src=\"https:\/\/www.peterjohnen.de\/wp-content\/uploads\/2024\/06\/img_9853-1024x768.jpg\" class=\"wp-image-1498\" srcset=\"https:\/\/www.peterjohnen.de\/wp-content\/uploads\/2024\/06\/img_9853-1024x768.jpg 1024w, https:\/\/www.peterjohnen.de\/wp-content\/uploads\/2024\/06\/img_9853-300x225.jpg 300w, https:\/\/www.peterjohnen.de\/wp-content\/uploads\/2024\/06\/img_9853-768x576.jpg 768w, https:\/\/www.peterjohnen.de\/wp-content\/uploads\/2024\/06\/img_9853-1536x1152.jpg 1536w, https:\/\/www.peterjohnen.de\/wp-content\/uploads\/2024\/06\/img_9853.jpg 2000w\" sizes=\"auto, (max-width: 767px) 89vw, (max-width: 1000px) 54vw, (max-width: 1071px) 543px, 580px\" \/><figcaption class=\"wp-element-caption\">Rijeka von oben<\/figcaption><\/figure>\n\n\n\n<figure class=\"wp-block-image size-large\"><img loading=\"lazy\" decoding=\"async\" width=\"768\" height=\"1024\" src=\"https:\/\/www.peterjohnen.de\/wp-content\/uploads\/2024\/06\/img_9854-768x1024.jpg\" class=\"wp-image-1499\" srcset=\"https:\/\/www.peterjohnen.de\/wp-content\/uploads\/2024\/06\/img_9854-768x1024.jpg 768w, https:\/\/www.peterjohnen.de\/wp-content\/uploads\/2024\/06\/img_9854-225x300.jpg 225w, https:\/\/www.peterjohnen.de\/wp-content\/uploads\/2024\/06\/img_9854-1152x1536.jpg 1152w, https:\/\/www.peterjohnen.de\/wp-content\/uploads\/2024\/06\/img_9854.jpg 1500w\" sizes=\"auto, (max-width: 767px) 89vw, (max-width: 1000px) 54vw, (max-width: 1071px) 543px, 580px\" \/><figcaption class=\"wp-element-caption\">Immernoch Rijeka von oben<\/figcaption><\/figure>\n\n\n\n<p>Von da sind wir dann flugs auf die Jadranska Magistrale, die aber erst ab Crkvenica richtig Spa\u00df macht &#8211; dann aber auch so richtig richtig. Zum Gl\u00fcck legte sich auch der dichte Verkehr schnell und das Kurvenr\u00e4ubern begann. <\/p>\n\n\n\n<p>Ich hatte in der Vorbereitung ein paar Aussichtspunkte eingeplant, die auch gut funktioniert haben.<\/p>\n\n\n\n<figure class=\"wp-block-image size-large\"><img loading=\"lazy\" decoding=\"async\" width=\"1024\" height=\"768\" src=\"https:\/\/www.peterjohnen.de\/wp-content\/uploads\/2024\/06\/img_9858-1024x768.jpg\" class=\"wp-image-1500\" srcset=\"https:\/\/www.peterjohnen.de\/wp-content\/uploads\/2024\/06\/img_9858-1024x768.jpg 1024w, https:\/\/www.peterjohnen.de\/wp-content\/uploads\/2024\/06\/img_9858-300x225.jpg 300w, https:\/\/www.peterjohnen.de\/wp-content\/uploads\/2024\/06\/img_9858-768x576.jpg 768w, https:\/\/www.peterjohnen.de\/wp-content\/uploads\/2024\/06\/img_9858-1536x1152.jpg 1536w, https:\/\/www.peterjohnen.de\/wp-content\/uploads\/2024\/06\/img_9858.jpg 2000w\" sizes=\"auto, (max-width: 767px) 89vw, (max-width: 1000px) 54vw, (max-width: 1071px) 543px, 580px\" \/><figcaption class=\"wp-element-caption\">Aussichtspunkt hinter Rijeka\u2026<\/figcaption><\/figure>\n\n\n\n<figure class=\"wp-block-image size-large\"><img loading=\"lazy\" decoding=\"async\" width=\"768\" height=\"1024\" src=\"https:\/\/www.peterjohnen.de\/wp-content\/uploads\/2024\/06\/img_9860-768x1024.jpg\" class=\"wp-image-1501\" srcset=\"https:\/\/www.peterjohnen.de\/wp-content\/uploads\/2024\/06\/img_9860-768x1024.jpg 768w, https:\/\/www.peterjohnen.de\/wp-content\/uploads\/2024\/06\/img_9860-225x300.jpg 225w, https:\/\/www.peterjohnen.de\/wp-content\/uploads\/2024\/06\/img_9860-1152x1536.jpg 1152w, https:\/\/www.peterjohnen.de\/wp-content\/uploads\/2024\/06\/img_9860.jpg 1500w\" sizes=\"auto, (max-width: 767px) 89vw, (max-width: 1000px) 54vw, (max-width: 1071px) 543px, 580px\" \/><\/figure>\n\n\n\n<p>\u2026mit Personal\u2026<\/p>\n\n\n\n<figure class=\"wp-block-image size-large\"><img loading=\"lazy\" decoding=\"async\" width=\"1024\" height=\"768\" src=\"https:\/\/www.peterjohnen.de\/wp-content\/uploads\/2024\/06\/img_9862-1024x768.jpg\" class=\"wp-image-1502\" srcset=\"https:\/\/www.peterjohnen.de\/wp-content\/uploads\/2024\/06\/img_9862-1024x768.jpg 1024w, https:\/\/www.peterjohnen.de\/wp-content\/uploads\/2024\/06\/img_9862-300x225.jpg 300w, https:\/\/www.peterjohnen.de\/wp-content\/uploads\/2024\/06\/img_9862-768x576.jpg 768w, https:\/\/www.peterjohnen.de\/wp-content\/uploads\/2024\/06\/img_9862-1536x1152.jpg 1536w, https:\/\/www.peterjohnen.de\/wp-content\/uploads\/2024\/06\/img_9862.jpg 2000w\" sizes=\"auto, (max-width: 767px) 89vw, (max-width: 1000px) 54vw, (max-width: 1071px) 543px, 580px\" \/><figcaption class=\"wp-element-caption\">\u2026Personal\u2026<\/figcaption><\/figure>\n\n\n\n<p>Dann ging es flott und fr\u00f6hlich weiter die K\u00fcste und die Magistrale und viele weitere Aussichtspunkte entlang\u2026<\/p>\n\n\n\n<figure class=\"wp-block-image size-large\"><img loading=\"lazy\" decoding=\"async\" width=\"768\" height=\"1024\" src=\"https:\/\/www.peterjohnen.de\/wp-content\/uploads\/2024\/06\/img_9863-768x1024.jpg\" class=\"wp-image-1503\" srcset=\"https:\/\/www.peterjohnen.de\/wp-content\/uploads\/2024\/06\/img_9863-768x1024.jpg 768w, https:\/\/www.peterjohnen.de\/wp-content\/uploads\/2024\/06\/img_9863-225x300.jpg 225w, https:\/\/www.peterjohnen.de\/wp-content\/uploads\/2024\/06\/img_9863-1152x1536.jpg 1152w, https:\/\/www.peterjohnen.de\/wp-content\/uploads\/2024\/06\/img_9863.jpg 1500w\" sizes=\"auto, (max-width: 767px) 89vw, (max-width: 1000px) 54vw, (max-width: 1071px) 543px, 580px\" \/><\/figure>\n\n\n\n<p>Auf zum Gr\u00fcn-WC\u2026<\/p>\n\n\n\n<figure class=\"wp-block-image size-large\"><img loading=\"lazy\" decoding=\"async\" width=\"1024\" height=\"768\" src=\"https:\/\/www.peterjohnen.de\/wp-content\/uploads\/2024\/06\/img_9868-1024x768.jpg\" class=\"wp-image-1505\" srcset=\"https:\/\/www.peterjohnen.de\/wp-content\/uploads\/2024\/06\/img_9868-1024x768.jpg 1024w, https:\/\/www.peterjohnen.de\/wp-content\/uploads\/2024\/06\/img_9868-300x225.jpg 300w, https:\/\/www.peterjohnen.de\/wp-content\/uploads\/2024\/06\/img_9868-768x576.jpg 768w, https:\/\/www.peterjohnen.de\/wp-content\/uploads\/2024\/06\/img_9868-1536x1152.jpg 1536w, https:\/\/www.peterjohnen.de\/wp-content\/uploads\/2024\/06\/img_9868.jpg 2000w\" sizes=\"auto, (max-width: 767px) 89vw, (max-width: 1000px) 54vw, (max-width: 1071px) 543px, 580px\" \/><figcaption class=\"wp-element-caption\">Blick vom Gr\u00fcn-WC<\/figcaption><\/figure>\n\n\n\n<figure class=\"wp-block-image size-large\"><img loading=\"lazy\" decoding=\"async\" width=\"1024\" height=\"294\" src=\"https:\/\/www.peterjohnen.de\/wp-content\/uploads\/2024\/06\/img_9866-1024x294.jpg\" class=\"wp-image-1506\" srcset=\"https:\/\/www.peterjohnen.de\/wp-content\/uploads\/2024\/06\/img_9866-1024x294.jpg 1024w, https:\/\/www.peterjohnen.de\/wp-content\/uploads\/2024\/06\/img_9866-300x86.jpg 300w, https:\/\/www.peterjohnen.de\/wp-content\/uploads\/2024\/06\/img_9866-768x221.jpg 768w, https:\/\/www.peterjohnen.de\/wp-content\/uploads\/2024\/06\/img_9866-1536x441.jpg 1536w, https:\/\/www.peterjohnen.de\/wp-content\/uploads\/2024\/06\/img_9866.jpg 1999w\" sizes=\"auto, (max-width: 767px) 89vw, (max-width: 1000px) 54vw, (max-width: 1071px) 543px, 580px\" \/><figcaption class=\"wp-element-caption\">180 Grad Blick<\/figcaption><\/figure>\n\n\n\n<p>Am Ende haben wir dann kurz vor Zadar die Fahrt beendet und im etwas \u00f6den Rovanjska ein nettes Quartier mit Resto und TV bezogen. Hier gab\u2019s nicht mal den obligatorischen Aperol und es wurde ein einfacher Campari Orange\u2026 <\/p>\n\n\n\n<figure class=\"wp-block-image size-large\"><img loading=\"lazy\" decoding=\"async\" width=\"768\" height=\"1024\" src=\"https:\/\/www.peterjohnen.de\/wp-content\/uploads\/2024\/06\/img_9873-768x1024.jpg\" class=\"wp-image-1507\" srcset=\"https:\/\/www.peterjohnen.de\/wp-content\/uploads\/2024\/06\/img_9873-768x1024.jpg 768w, https:\/\/www.peterjohnen.de\/wp-content\/uploads\/2024\/06\/img_9873-225x300.jpg 225w, https:\/\/www.peterjohnen.de\/wp-content\/uploads\/2024\/06\/img_9873-1152x1536.jpg 1152w, https:\/\/www.peterjohnen.de\/wp-content\/uploads\/2024\/06\/img_9873.jpg 1500w\" sizes=\"auto, (max-width: 767px) 89vw, (max-width: 1000px) 54vw, (max-width: 1071px) 543px, 580px\" \/><figcaption class=\"wp-element-caption\">Kein Aperol\u2026<\/figcaption><\/figure>\n\n\n\n<figure class=\"wp-block-image size-large\"><img loading=\"lazy\" decoding=\"async\" width=\"768\" height=\"1024\" src=\"https:\/\/www.peterjohnen.de\/wp-content\/uploads\/2024\/06\/img_9874-768x1024.jpg\" class=\"wp-image-1508\" srcset=\"https:\/\/www.peterjohnen.de\/wp-content\/uploads\/2024\/06\/img_9874-768x1024.jpg 768w, https:\/\/www.peterjohnen.de\/wp-content\/uploads\/2024\/06\/img_9874-225x300.jpg 225w, https:\/\/www.peterjohnen.de\/wp-content\/uploads\/2024\/06\/img_9874-1152x1536.jpg 1152w, https:\/\/www.peterjohnen.de\/wp-content\/uploads\/2024\/06\/img_9874.jpg 1500w\" sizes=\"auto, (max-width: 767px) 89vw, (max-width: 1000px) 54vw, (max-width: 1071px) 543px, 580px\" \/><figcaption class=\"wp-element-caption\">\u2026aber Pleskavica!<\/figcaption><\/figure>\n\n\n\n<p>Und zwei prima Ideen: <\/p>\n\n\n\n<p>1.) Morgen fahren wir etwas weniger (6,5 h) und stationieren im wirklich sch\u00f6nen Makarska! <\/p>\n\n\n\n<p>2.) Wir werden im S\u00fcden noch nach Montenegro reinfahren und uns diesen phantastischen Moped Spielplatz anschauen:<\/p>\n\n\n\n<figure class=\"wp-block-image size-large\"><img loading=\"lazy\" decoding=\"async\" width=\"768\" height=\"1024\" src=\"https:\/\/www.peterjohnen.de\/wp-content\/uploads\/2024\/06\/img_9878-768x1024.jpg\" class=\"wp-image-1509\" srcset=\"https:\/\/www.peterjohnen.de\/wp-content\/uploads\/2024\/06\/img_9878-768x1024.jpg 768w, https:\/\/www.peterjohnen.de\/wp-content\/uploads\/2024\/06\/img_9878-225x300.jpg 225w, https:\/\/www.peterjohnen.de\/wp-content\/uploads\/2024\/06\/img_9878-1152x1536.jpg 1152w, https:\/\/www.peterjohnen.de\/wp-content\/uploads\/2024\/06\/img_9878.jpg 1500w\" sizes=\"auto, (max-width: 767px) 89vw, (max-width: 1000px) 54vw, (max-width: 1071px) 543px, 580px\" \/><figcaption class=\"wp-element-caption\">Nordwestspitze von Montenegro: nur Kurven, Kurven und dazwischen viele Kurven<\/figcaption><\/figure>\n\n\n\n<p>Davon wird aber fr\u00fchestens \u00fcbermorgen berichtet\u2026<\/p>\n\n\n\n<p>Stay tuned\u2026<\/p>\n","protected":false},"excerpt":{"rendered":"<p>Der Tag war einfach grandios und fand mit dem 5:1 am Abend einen w\u00fcrdigen Abschluss! Von Nova Gorica waren wir bald in Rijeka, das wir nicht von der K\u00fcste, sondern geschickt von Osten kommend genommen haben um wenigstens von einem Aussichtspunkt einen Blick auf die Stadt zu werfen. Von da sind wir dann flugs auf &hellip; <\/p>\n<p class=\"link-more\"><a href=\"https:\/\/www.peterjohnen.de\/?p=1510\" class=\"more-link\"><span class=\"screen-reader-text\">\u201eAlle Neune &#8211; 5:1 &#8211; ein Spitzentag auf der Magistrale\u201c<\/span> weiterlesen<\/a><\/p>\n","protected":false},"author":1,"featured_media":0,"comment_status":"open","ping_status":"open","sticky":false,"template":"","format":"standard","meta":{"_jetpack_memberships_contains_paid_content":false,"footnotes":"","jetpack_publicize_message":"","jetpack_publicize_feature_enabled":true,"jetpack_social_post_already_shared":true,"jetpack_social_options":{"image_generator_settings":{"template":"highway","default_image_id":0,"font":"","enabled":false},"version":2}},"categories":[17],"tags":[],"class_list":["post-1510","post","type-post","status-publish","format-standard","hentry","category-abi74-balkan-tour-2024"],"jetpack_publicize_connections":[],"jetpack_featured_media_url":"","jetpack_sharing_enabled":true,"jetpack_likes_enabled":true,"_links":{"self":[{"href":"https:\/\/www.peterjohnen.de\/index.php?rest_route=\/wp\/v2\/posts\/1510","targetHints":{"allow":["GET"]}}],"collection":[{"href":"https:\/\/www.peterjohnen.de\/index.php?rest_route=\/wp\/v2\/posts"}],"about":[{"href":"https:\/\/www.peterjohnen.de\/index.php?rest_route=\/wp\/v2\/types\/post"}],"author":[{"embeddable":true,"href":"https:\/\/www.peterjohnen.de\/index.php?rest_route=\/wp\/v2\/users\/1"}],"replies":[{"embeddable":true,"href":"https:\/\/www.peterjohnen.de\/index.php?rest_route=%2Fwp%2Fv2%2Fcomments&post=1510"}],"version-history":[{"count":0,"href":"https:\/\/www.peterjohnen.de\/index.php?rest_route=\/wp\/v2\/posts\/1510\/revisions"}],"wp:attachment":[{"href":"https:\/\/www.peterjohnen.de\/index.php?rest_route=%2Fwp%2Fv2%2Fmedia&parent=1510"}],"wp:term":[{"taxonomy":"category","embeddable":true,"href":"https:\/\/www.peterjohnen.de\/index.php?rest_route=%2Fwp%2Fv2%2Fcategories&post=1510"},{"taxonomy":"post_tag","embeddable":true,"href":"https:\/\/www.peterjohnen.de\/index.php?rest_route=%2Fwp%2Fv2%2Ftags&post=1510"}],"curies":[{"name":"wp","href":"https:\/\/api.w.org\/{rel}","templated":true}]}}