{"id":297,"date":"2019-07-09T18:53:28","date_gmt":"2019-07-09T16:53:28","guid":{"rendered":"http:\/\/www.peterjohnen.de\/?p=297"},"modified":"2022-08-30T15:23:51","modified_gmt":"2022-08-30T13:23:51","slug":"ronda-iberia-tag-27-pyrenaeen-und-andorra-und-in-figueres-schliesst-sic-h-der-kreis-die-ronda","status":"publish","type":"post","link":"https:\/\/www.peterjohnen.de\/?p=297","title":{"rendered":"Ronda Iberia, Tag 27 &#8211; Pyren\u00e4en und Andorra und in Figueres schlie\u00dft sich der Kreis &#8211; die \u201eRonda\u201c"},"content":{"rendered":"<p><span style=\"font-size: 1rem;\">Ronda Iberia, Tag 27 &#8211; weiter durch die Pyren\u00e4en und Andorra, dann schlie\u00dft sich der Kreis &#8211; die \u201eRonda\u201c &#8211; in Figueres.<\/span><\/p>\n<p>Entgegen der Vorhersagen (!) war das Wetter heute Morgen in Tremp und Umgebung unerwartet gut, also nichts wie los und zum Ende der Tour doch noch Andorra anschauen, das aber eigentlich nur aus ein paar hohen, einsamen Bergen mit einigen sch\u00f6nen Str\u00e4\u00dflein, einigen gro\u00dfen Ski Resorts und vor allem einem riesigen, langgestreckten und steuerbefreiten Einkaufsparadies namens La Vella besteht. Muss man m. E. nicht unbedingt gesehen haben&#8230;<\/p>\n<p>Ganz anders der mittlere Teil der westlichen Pyren\u00e4en<!--more--> (siehe Karte unten)! Da gibt es viele wunderbare gigantische Landschaften und Szenarien und Bergd\u00f6rfer und alte St\u00e4dtchen und Stra\u00dfen und Str\u00e4\u00dflein und immer wieder Miradores, mit atemberaubenden Sichten auf all das (Bilder).<\/p>\n<p>H\u00e4tte mich nicht hinter Andorra eine gro\u00dfe Gewitterfront kalt erwischt (12 Grad!) und mich \u00fcber Stunden mit Regen wie aus Eimern bis Figueras begleitet, w\u00e4re es ein entspannter Fahrtag geworden &#8211; so musste ich aber etwas die Z\u00e4hne zusammen bei\u00dfen&#8230; In Ripoll war der Regen so schlimm, dass die meisten Autos stehen geblieben sind. Das wollte ich mir allerdings nicht antun, denn das Wasser stand da zum Teil &#8211; na sagen wir mal: Kn\u00f6chel-hoch &#8211; auf der Stra\u00dfe, und da wollte ich nicht meine F\u00fc\u00dfe\/Stiefel abstellen. Also bin ich einfach weiter und durch gefahren, was innerorts und mit geringer Geschwindigkeit ja kein Problem ist.<br \/>Naja, mit ner guten Regenkombi l\u00e4sst sich das alles gut bew\u00e4ltigen. Meine Kanarienvogel-gelbe Kombi hat jedenfalls ihre \u00c4quator-Taufe heute gut \u00fcberstanden.<\/p>\n<p>Mit Figueres schlie\u00dft sich heute der Kreis. Hier hatte ich die erste Nacht in Spanien und hier hat die gro\u00dfe &#8222;Ronda Iberia&#8220; begonnen. Ab jetzt ist es nur noch Heimreise durch F und CH mit einer \u00dcbernachtung in Bern und dann bin ich wieder zu Hause &#8211; auch darauf freue ich mich nach 4 Wochen &#8222;lonesome Rider&#8220;&#8230;<\/p>\n<p>Hier eine Karte der tats\u00e4chlichen Route (Markierungen NICHT unbedingt = \u00dcbernachtungen):<\/p>\n<p><img loading=\"lazy\" decoding=\"async\" class=\"alignnone wp-image-332 size-large\" src=\"https:\/\/www.peterjohnen.de\/wp-content\/uploads\/2019\/07\/RondaIberia2019-1024x747.jpg\" alt=\"\" width=\"525\" height=\"383\" srcset=\"https:\/\/www.peterjohnen.de\/wp-content\/uploads\/2019\/07\/RondaIberia2019-1024x747.jpg 1024w, https:\/\/www.peterjohnen.de\/wp-content\/uploads\/2019\/07\/RondaIberia2019-300x219.jpg 300w, https:\/\/www.peterjohnen.de\/wp-content\/uploads\/2019\/07\/RondaIberia2019-768x561.jpg 768w, https:\/\/www.peterjohnen.de\/wp-content\/uploads\/2019\/07\/RondaIberia2019.jpg 1259w\" sizes=\"auto, (max-width: 525px) 100vw, 525px\" \/><\/p>\n<p>Hier die wenigen, aber sehenswerten Bilder des letzten Tages:<\/p>\n<p><a href=\"https:\/\/www.peterjohnen.de\/wp-content\/uploads\/2019\/07\/image-7.jpg\" rel=\"attachment wp-att-299\"><img loading=\"lazy\" decoding=\"async\" class=\"alignnone size-full wp-image-299\" title=\"image-7-jpg\" src=\"https:\/\/www.peterjohnen.de\/wp-content\/uploads\/2019\/07\/image-7.jpg\" alt=\"\" width=\"1024\" height=\"1024\" srcset=\"https:\/\/www.peterjohnen.de\/wp-content\/uploads\/2019\/07\/image-7-150x150.jpg 150w, https:\/\/www.peterjohnen.de\/wp-content\/uploads\/2019\/07\/image-7-100x100.jpg 100w\" sizes=\"auto, (max-width: 767px) 89vw, (max-width: 1000px) 54vw, (max-width: 1071px) 543px, 580px\" \/><\/a><\/p>\n<p>Nach Andorra habe ich wegen Regen auf weitere Um- und Abwege verzichtet (Route in Google Maps nachgestellt, 6 Std. netto Fahrzeit k\u00f6nnte hinkommen).<\/p>\n<p>Ich weis vom Beginn der Runde, dass die Gegend s\u00fcdwestlich des hier erkennbaren Col de Nargo auch ein Mopedparadies ist (siehe Berichte von den ersten Tagen, Route Figueres &#8211; Balaguer).<\/p>\n<p>\u00a0<\/p>\n<p><img loading=\"lazy\" decoding=\"async\" class=\"alignnone size-full wp-image-760\" src=\"https:\/\/www.peterjohnen.de\/wp-content\/uploads\/2019\/07\/IMG_3309-scaled.jpeg\" alt=\"\" width=\"2560\" height=\"1920\" srcset=\"https:\/\/www.peterjohnen.de\/wp-content\/uploads\/2019\/07\/IMG_3309-scaled.jpeg 2560w, https:\/\/www.peterjohnen.de\/wp-content\/uploads\/2019\/07\/IMG_3309-300x225.jpeg 300w, https:\/\/www.peterjohnen.de\/wp-content\/uploads\/2019\/07\/IMG_3309-1024x768.jpeg 1024w, https:\/\/www.peterjohnen.de\/wp-content\/uploads\/2019\/07\/IMG_3309-768x576.jpeg 768w, https:\/\/www.peterjohnen.de\/wp-content\/uploads\/2019\/07\/IMG_3309-1536x1152.jpeg 1536w, https:\/\/www.peterjohnen.de\/wp-content\/uploads\/2019\/07\/IMG_3309-2048x1536.jpeg 2048w\" sizes=\"auto, (max-width: 767px) 89vw, (max-width: 1000px) 54vw, (max-width: 1071px) 543px, 580px\" \/><\/p>\n<p>Auch das kleine, nette \u00d6rtchen Tremp, mein vorletztes Quartier in Spanien, zeigt sich recht weltlich-charmant und hat wie die meisten Orte in Spanien ihre eigenen \u201eRamblas\u201c, wo man sich &#8211; jeder kennt jeden &#8211; des Abends zum Plausch trifft.<\/p>\n<p><img loading=\"lazy\" decoding=\"async\" class=\"alignnone size-full wp-image-761\" src=\"https:\/\/www.peterjohnen.de\/wp-content\/uploads\/2019\/07\/IMG_3311-scaled.jpeg\" alt=\"\" width=\"2560\" height=\"1920\" srcset=\"https:\/\/www.peterjohnen.de\/wp-content\/uploads\/2019\/07\/IMG_3311-scaled.jpeg 2560w, https:\/\/www.peterjohnen.de\/wp-content\/uploads\/2019\/07\/IMG_3311-300x225.jpeg 300w, https:\/\/www.peterjohnen.de\/wp-content\/uploads\/2019\/07\/IMG_3311-1024x768.jpeg 1024w, https:\/\/www.peterjohnen.de\/wp-content\/uploads\/2019\/07\/IMG_3311-768x576.jpeg 768w, https:\/\/www.peterjohnen.de\/wp-content\/uploads\/2019\/07\/IMG_3311-1536x1152.jpeg 1536w, https:\/\/www.peterjohnen.de\/wp-content\/uploads\/2019\/07\/IMG_3311-2048x1536.jpeg 2048w\" sizes=\"auto, (max-width: 767px) 89vw, (max-width: 1000px) 54vw, (max-width: 1071px) 543px, 580px\" \/><\/p>\n<p>Einer der spektakul\u00e4rsten Miradores der ganzen Reise im S\u00fcden der Pyren\u00e4en war auf der N-260 bei Montferrer i Castellbo im stolzen Katalonien.<br \/>Die Wolken haben hier jede Minute ein anderes Bild gezaubert. Es war mal wieder zum Niederknien und ein w\u00fcrdiger H\u00f6hepunkt f\u00fcr den letzten Tag in Spanien&#8230;<\/p>\n<p><img loading=\"lazy\" decoding=\"async\" class=\"alignnone size-full wp-image-757\" src=\"https:\/\/www.peterjohnen.de\/wp-content\/uploads\/2022\/08\/IMG_3312-scaled.jpeg\" alt=\"\" width=\"2560\" height=\"1920\" srcset=\"https:\/\/www.peterjohnen.de\/wp-content\/uploads\/2022\/08\/IMG_3312-scaled.jpeg 2560w, https:\/\/www.peterjohnen.de\/wp-content\/uploads\/2022\/08\/IMG_3312-300x225.jpeg 300w, https:\/\/www.peterjohnen.de\/wp-content\/uploads\/2022\/08\/IMG_3312-1024x768.jpeg 1024w, https:\/\/www.peterjohnen.de\/wp-content\/uploads\/2022\/08\/IMG_3312-768x576.jpeg 768w, https:\/\/www.peterjohnen.de\/wp-content\/uploads\/2022\/08\/IMG_3312-1536x1152.jpeg 1536w, https:\/\/www.peterjohnen.de\/wp-content\/uploads\/2022\/08\/IMG_3312-2048x1536.jpeg 2048w\" sizes=\"auto, (max-width: 767px) 89vw, (max-width: 1000px) 54vw, (max-width: 1071px) 543px, 580px\" \/><\/p>\n<p>\u00a0<\/p>\n<p><a href=\"https:\/\/www.peterjohnen.de\/wp-content\/uploads\/2019\/07\/image-6.jpg\" rel=\"attachment wp-att-298\"><img loading=\"lazy\" decoding=\"async\" class=\"alignnone size-full wp-image-298\" title=\"image-6-jpg\" src=\"https:\/\/www.peterjohnen.de\/wp-content\/uploads\/2019\/07\/image-6.jpg\" alt=\"\" width=\"1024\" height=\"1024\" srcset=\"https:\/\/www.peterjohnen.de\/wp-content\/uploads\/2019\/07\/image-6-150x150.jpg 150w, https:\/\/www.peterjohnen.de\/wp-content\/uploads\/2019\/07\/image-6-100x100.jpg 100w\" sizes=\"auto, (max-width: 767px) 89vw, (max-width: 1000px) 54vw, (max-width: 1071px) 543px, 580px\" \/><\/a><\/p>\n<p>Leider kann ich die 360\u00b0 Bilder vom iPhone und fb hier so nicht einstellen&#8230;<\/p>\n<p>\u00a0<\/p>\n<p>\u00a0<\/p>\n<p>\u00a0<\/p>\n\n\n<figure class=\"wp-block-image size-large\"><img loading=\"lazy\" decoding=\"async\" width=\"1024\" height=\"768\" src=\"https:\/\/www.peterjohnen.de\/wp-content\/uploads\/2022\/08\/IMG_3316-1024x768.jpeg\" alt=\"\" class=\"wp-image-758\" srcset=\"https:\/\/www.peterjohnen.de\/wp-content\/uploads\/2022\/08\/IMG_3316-1024x768.jpeg 1024w, https:\/\/www.peterjohnen.de\/wp-content\/uploads\/2022\/08\/IMG_3316-300x225.jpeg 300w, https:\/\/www.peterjohnen.de\/wp-content\/uploads\/2022\/08\/IMG_3316-768x576.jpeg 768w, https:\/\/www.peterjohnen.de\/wp-content\/uploads\/2022\/08\/IMG_3316-1536x1152.jpeg 1536w, https:\/\/www.peterjohnen.de\/wp-content\/uploads\/2022\/08\/IMG_3316-2048x1536.jpeg 2048w\" sizes=\"auto, (max-width: 767px) 89vw, (max-width: 1000px) 54vw, (max-width: 1071px) 543px, 580px\" \/><\/figure>\n\n\n\n<figure class=\"wp-block-image size-large\"><img loading=\"lazy\" decoding=\"async\" width=\"1024\" height=\"768\" src=\"https:\/\/www.peterjohnen.de\/wp-content\/uploads\/2019\/07\/IMG_3317-1024x768.jpeg\" alt=\"\" class=\"wp-image-762\" srcset=\"https:\/\/www.peterjohnen.de\/wp-content\/uploads\/2019\/07\/IMG_3317-1024x768.jpeg 1024w, https:\/\/www.peterjohnen.de\/wp-content\/uploads\/2019\/07\/IMG_3317-300x225.jpeg 300w, https:\/\/www.peterjohnen.de\/wp-content\/uploads\/2019\/07\/IMG_3317-768x576.jpeg 768w, https:\/\/www.peterjohnen.de\/wp-content\/uploads\/2019\/07\/IMG_3317-1536x1152.jpeg 1536w, https:\/\/www.peterjohnen.de\/wp-content\/uploads\/2019\/07\/IMG_3317-2048x1536.jpeg 2048w\" sizes=\"auto, (max-width: 767px) 89vw, (max-width: 1000px) 54vw, (max-width: 1071px) 543px, 580px\" \/><\/figure>\n","protected":false},"excerpt":{"rendered":"<p>Ronda Iberia, Tag 27 &#8211; weiter durch die Pyren\u00e4en und Andorra, dann schlie\u00dft sich der Kreis &#8211; die \u201eRonda\u201c &#8211; in Figueres. Entgegen der Vorhersagen (!) war das Wetter heute Morgen in Tremp und Umgebung unerwartet gut, also nichts wie los und zum Ende der Tour doch noch Andorra anschauen, das aber eigentlich nur aus &hellip; <\/p>\n<p class=\"link-more\"><a href=\"https:\/\/www.peterjohnen.de\/?p=297\" class=\"more-link\"><span class=\"screen-reader-text\">\u201eRonda Iberia, Tag 27 &#8211; Pyren\u00e4en und Andorra und in Figueres schlie\u00dft sich der Kreis &#8211; die \u201eRonda\u201c\u201c<\/span> weiterlesen<\/a><\/p>\n","protected":false},"author":1,"featured_media":0,"comment_status":"open","ping_status":"open","sticky":false,"template":"","format":"standard","meta":{"_jetpack_memberships_contains_paid_content":false,"footnotes":"","jetpack_publicize_message":"","jetpack_publicize_feature_enabled":true,"jetpack_social_post_already_shared":true,"jetpack_social_options":{"image_generator_settings":{"template":"highway","default_image_id":0,"font":"","enabled":false},"version":2}},"categories":[6],"tags":[],"class_list":["post-297","post","type-post","status-publish","format-standard","hentry","category-rondaiberia2019"],"jetpack_publicize_connections":[],"jetpack_featured_media_url":"","jetpack_sharing_enabled":true,"jetpack_likes_enabled":true,"_links":{"self":[{"href":"https:\/\/www.peterjohnen.de\/index.php?rest_route=\/wp\/v2\/posts\/297","targetHints":{"allow":["GET"]}}],"collection":[{"href":"https:\/\/www.peterjohnen.de\/index.php?rest_route=\/wp\/v2\/posts"}],"about":[{"href":"https:\/\/www.peterjohnen.de\/index.php?rest_route=\/wp\/v2\/types\/post"}],"author":[{"embeddable":true,"href":"https:\/\/www.peterjohnen.de\/index.php?rest_route=\/wp\/v2\/users\/1"}],"replies":[{"embeddable":true,"href":"https:\/\/www.peterjohnen.de\/index.php?rest_route=%2Fwp%2Fv2%2Fcomments&post=297"}],"version-history":[{"count":8,"href":"https:\/\/www.peterjohnen.de\/index.php?rest_route=\/wp\/v2\/posts\/297\/revisions"}],"predecessor-version":[{"id":763,"href":"https:\/\/www.peterjohnen.de\/index.php?rest_route=\/wp\/v2\/posts\/297\/revisions\/763"}],"wp:attachment":[{"href":"https:\/\/www.peterjohnen.de\/index.php?rest_route=%2Fwp%2Fv2%2Fmedia&parent=297"}],"wp:term":[{"taxonomy":"category","embeddable":true,"href":"https:\/\/www.peterjohnen.de\/index.php?rest_route=%2Fwp%2Fv2%2Fcategories&post=297"},{"taxonomy":"post_tag","embeddable":true,"href":"https:\/\/www.peterjohnen.de\/index.php?rest_route=%2Fwp%2Fv2%2Ftags&post=297"}],"curies":[{"name":"wp","href":"https:\/\/api.w.org\/{rel}","templated":true}]}}