{"id":593,"date":"2022-08-18T12:22:15","date_gmt":"2022-08-18T10:22:15","guid":{"rendered":"https:\/\/www.peterjohnen.de\/?p=593"},"modified":"2022-08-30T12:38:54","modified_gmt":"2022-08-30T10:38:54","slug":"tag-1-ohne-moped","status":"publish","type":"post","link":"https:\/\/www.peterjohnen.de\/?p=593","title":{"rendered":"Tag 1 ohne Moped"},"content":{"rendered":"<div class=\"postie-post\">Jetzt wei\u00df ich, wie es sich anf\u00fchlt, in den Bergen zu sein, bei bestem Moped Wetter (zumindest gestern und heute) <span style=\"font-size: revert;\">mit der ganzen Ausr\u00fcstung und einigen wenigen Sommerklamotten, aber eben ohne mein Moped, das jetzt einsam und verloren auf irgend einem \u00d6AMTC Hof steht: es f\u00fchlt sich j\u00e4mmerlich an\u2026<\/span><\/div>\n<div>.<\/div>\n<div><\/div>\n<div class=\"postie-post\">\n<p><a style=\"font-size: 1rem;\" href=\"https:\/\/www.peterjohnen.de\/?attachment_id=594\"><img decoding=\"async\" class=\"alignnone size-medium wp-image-594\" src=\"https:\/\/www.peterjohnen.de\/wp-content\/uploads\/2022\/08\/image-10-300x225.jpg\" alt=\"{CAPTION}\" width=\"300px\" height=\"225px\" srcset=\"https:\/\/www.peterjohnen.de\/wp-content\/uploads\/2022\/08\/image-10-300x225.jpg 300w, https:\/\/www.peterjohnen.de\/wp-content\/uploads\/2022\/08\/image-10.jpg 640w\" sizes=\"(max-width: 300px) 100vw, 300px\" \/><\/a><\/p>\n<\/div>\n<div class=\"postie-post\">\n<p>Zum Gl\u00fcck konnte ich Susanne \u00fcberzeugen, dass es f\u00fcr mein seelisches Gleichgewicht notwendig ist, dass sie mich hier abholt und ich nicht mit Bahn und Bus und 5 mal umsteigen mit all den f\u00fcr so etwas nicht gemachten Taschen und Teilen nach M\u00fcnchen muss.<\/p>\n<p>Und ein paar Stunden Recherche und Telefonieren haben auch etwas Licht am Ende des Tunnels angeknipst\u2026 Wenn alles gut l\u00e4uft, habe ich eine freie Werkstatt, die mir \u00fcber den Winter ein Austauschgetriebe in mein Moped einbaut. Dann kann ich &#8211; so Gott will &#8211; n\u00e4chstes Jahr die zerplatzten Tr\u00e4ume dieses Sp\u00e4tsommers nachholen.<\/p>\n<p>F\u00fcrs erste aber werde ich heute Abend &#8211; wie schon gestern Abend &#8211; etwas Trost im Geiste suchen\u2026 Kann denn Frust-Suff S\u00fcnde sein? Nein!<\/p>\n<div class=\"postie-attachments\"><a href=\"https:\/\/www.peterjohnen.de\/?attachment_id=595\"><img decoding=\"async\" class=\"alignnone size-medium wp-image-595\" src=\"https:\/\/www.peterjohnen.de\/wp-content\/uploads\/2022\/08\/image-11-300x225.jpg\" alt=\"\" width=\"300px\" height=\"225px\" srcset=\"https:\/\/www.peterjohnen.de\/wp-content\/uploads\/2022\/08\/image-11-300x225.jpg 300w, https:\/\/www.peterjohnen.de\/wp-content\/uploads\/2022\/08\/image-11.jpg 640w\" sizes=\"(max-width: 300px) 100vw, 300px\" \/><\/a><\/div>\n<div><\/div>\n<div>Peter; verloren unter Wanderern<\/div>\n<div><\/div>\n<div>Von meinem iPhone gesendet<\/div>\n<\/div>\n","protected":false},"excerpt":{"rendered":"<p>Jetzt wei\u00df ich, wie es sich anf\u00fchlt, in den Bergen zu sein, bei bestem Moped Wetter (zumindest gestern und heute) mit der ganzen Ausr\u00fcstung und einigen wenigen Sommerklamotten, aber eben ohne mein Moped, das jetzt einsam und verloren auf irgend einem \u00d6AMTC Hof steht: es f\u00fchlt sich j\u00e4mmerlich an\u2026 . Zum Gl\u00fcck konnte ich Susanne &hellip; <\/p>\n<p class=\"link-more\"><a href=\"https:\/\/www.peterjohnen.de\/?p=593\" class=\"more-link\"><span class=\"screen-reader-text\">\u201eTag 1 ohne Moped\u201c<\/span> weiterlesen<\/a><\/p>\n","protected":false},"author":0,"featured_media":0,"comment_status":"open","ping_status":"open","sticky":false,"template":"","format":"standard","meta":{"_jetpack_memberships_contains_paid_content":false,"footnotes":"","jetpack_publicize_message":"","jetpack_publicize_feature_enabled":true,"jetpack_social_post_already_shared":true,"jetpack_social_options":{"image_generator_settings":{"template":"highway","default_image_id":0,"font":"","enabled":false},"version":2}},"categories":[9],"tags":[],"class_list":["post-593","post","type-post","status-publish","format-standard","hentry","category-tourenin2022"],"jetpack_publicize_connections":[],"jetpack_featured_media_url":"","jetpack_sharing_enabled":true,"jetpack_likes_enabled":true,"_links":{"self":[{"href":"https:\/\/www.peterjohnen.de\/index.php?rest_route=\/wp\/v2\/posts\/593","targetHints":{"allow":["GET"]}}],"collection":[{"href":"https:\/\/www.peterjohnen.de\/index.php?rest_route=\/wp\/v2\/posts"}],"about":[{"href":"https:\/\/www.peterjohnen.de\/index.php?rest_route=\/wp\/v2\/types\/post"}],"replies":[{"embeddable":true,"href":"https:\/\/www.peterjohnen.de\/index.php?rest_route=%2Fwp%2Fv2%2Fcomments&post=593"}],"version-history":[{"count":3,"href":"https:\/\/www.peterjohnen.de\/index.php?rest_route=\/wp\/v2\/posts\/593\/revisions"}],"predecessor-version":[{"id":606,"href":"https:\/\/www.peterjohnen.de\/index.php?rest_route=\/wp\/v2\/posts\/593\/revisions\/606"}],"wp:attachment":[{"href":"https:\/\/www.peterjohnen.de\/index.php?rest_route=%2Fwp%2Fv2%2Fmedia&parent=593"}],"wp:term":[{"taxonomy":"category","embeddable":true,"href":"https:\/\/www.peterjohnen.de\/index.php?rest_route=%2Fwp%2Fv2%2Fcategories&post=593"},{"taxonomy":"post_tag","embeddable":true,"href":"https:\/\/www.peterjohnen.de\/index.php?rest_route=%2Fwp%2Fv2%2Ftags&post=593"}],"curies":[{"name":"wp","href":"https:\/\/api.w.org\/{rel}","templated":true}]}}